{"id":172,"date":"2024-05-14T14:40:04","date_gmt":"2024-05-14T12:40:04","guid":{"rendered":"https:\/\/ruialvesdasilva.com\/blog\/?p=172"},"modified":"2025-06-04T18:50:31","modified_gmt":"2025-06-04T16:50:31","slug":"cabinet-de-psychotherapie-et-gestalt-therapie-a-paris-un-lieu-decoute-et-de-soutien-en-francais-ou-en-portugais","status":"publish","type":"post","link":"https:\/\/ruialvesdasilva.com\/blog\/cabinet-de-psychotherapie-et-gestalt-therapie-a-paris-un-lieu-decoute-et-de-soutien-en-francais-ou-en-portugais\/","title":{"rendered":"Cabinet de Psychoth\u00e9rapie et Gestalt-th\u00e9rapie \u00e0 Paris : Un lieu d\u2019\u00e9coute et de soutien, en fran\u00e7ais ou en portugais"},"content":{"rendered":"<span class=\"span-reading-time rt-reading-time\" style=\"display: block;\"><span class=\"rt-label rt-prefix\">Temps de lecture\u00a0: <\/span> <span class=\"rt-time\"> 5<\/span> <span class=\"rt-label rt-postfix\">minutes<\/span><\/span><p><!--\n\n\n<h1><span data-mce-type=\"bookmark\" style=\"display: inline-block; width: 0px; overflow: hidden; line-height: 0;\" class=\"mce_SELRES_start\"><\/span><\/h1>\n\n\n--><\/p>\n<ul id=\"toc\">\n<li><a href=\"#introduction\">Cabinet de Psychoth\u00e9rapie et Gestalt-th\u00e9rapie \u00e0 Paris &#8211; en fran\u00e7ais et portugais<\/a><\/li>\n<li><a href=\"#gestalt\">Qu&#8217;est-ce que la Gestalt-th\u00e9rapie ?<\/a><\/li>\n<li><a href=\"#fondements\">Les fondements de la Psychoth\u00e9rapie<\/a><\/li>\n<li><a href=\"#services\">Services offerts au Cabinet de Psychoth\u00e9rapie et Gestalt-th\u00e9rapie<\/a><\/li>\n<li><a href=\"#premiere-seance\">La premi\u00e8re s\u00e9ance et le processus th\u00e9rapeutique : \u00c0 quoi vous attendre<\/a><\/li>\n<li><a href=\"#tabous\">D\u00e9passer les tabous : la psychoth\u00e9rapie aujourd&#8217;hui<\/a><\/li>\n<li><a href=\"#commencer\">Comment commencer votre parcours th\u00e9rapeutique ?<\/a><\/li>\n<li><a href=\"#conclusion\">Conclusion<\/a><\/li>\n<\/ul>\n<h2 id=\"introduction\"><strong>Cabinet de Psychoth\u00e9rapie et Gestalt-th\u00e9rapie \u00e0 Paris &#8211; en fran\u00e7ais et portugais<\/strong><\/h2>\n<p style=\"text-align: justify;\">Situ\u00e9 \u00e0 Paris dans le 13\u00e8me arrondissement, \u00e0 deux pas de la Cit\u00e9 Universitaire et \u00e0 proximit\u00e9 imm\u00e9diate de la Porte de Gentilly, entre Porte d&#8217;Orl\u00e9ans et Porte d&#8217;Italie, le cabinet de psychoth\u00e9rapie utilise la Gestalt-th\u00e9rapie comme approche principale pour r\u00e9pondre aux besoins \u00e9motionnels et psychologiques vari\u00e9s. La Gestalt-th\u00e9rapie, fondement de ma pratique depuis mes d\u00e9buts, s\u2019av\u00e8re \u00eatre une approche pr\u00e9cieuse pour favoriser un bien-\u00eatre englobant pens\u00e9es, \u00e9motions et sensations corporelles, ce qu&#8217;on appelle aussi de holistique. Les clients qui ont franchi les portes du cabinet t\u00e9moignent de l\u2019efficacit\u00e9 de cette approche humaniste. Elle permet d\u2019explorer et de transformer en profondeur les modes relationnels et les exp\u00e9riences de vie, ouvrant ainsi la voie \u00e0 une meilleure compr\u00e9hension de soi et \u00e0 un \u00e9quilibre retrouv\u00e9. Les consultations peuvent se d\u00e9rouler en fran\u00e7ais ou en portugais, permettant ainsi de r\u00e9pondre aux besoins d&#8217;une client\u00e8le lusophone.<\/p>\n<p style=\"text-align: center;\"><a class=\"\" href=\"..\/..\/rdv.html\"><button class=\"btn rdvbutton1\" type=\"button\">Prendre Rendez-Vous<\/button><\/a><\/p>\n<h2 id=\"gestalt\"><strong>Qu&#8217;est-ce que la Gestalt-th\u00e9rapie ?<\/strong><\/h2>\n<p style=\"text-align: justify;\">La <strong>Gestalt-th\u00e9rapie<\/strong> est une forme dynamique de <strong>psychoth\u00e9rapie<\/strong>, qui met l&#8217;accent sur la prise de conscience aigu\u00eb du moment pr\u00e9sent et sur la responsabilit\u00e9 individuelle. Ce cadre th\u00e9rapeutique est con\u00e7u pour encourager les individus \u00e0 s&#8217;immerger pleinement dans leurs exp\u00e9riences \u00e9motionnelles et \u00e0 explorer leurs pens\u00e9es de mani\u00e8re active. Dans un espace de s\u00e9curit\u00e9 et bienveillance, cette approche facilite une compr\u00e9hension plus profonde des comportements personnels et des \u00e9motions ressenties.<\/p>\n<p style=\"text-align: justify;\">Historiquement riche et constamment en \u00e9volution, la <strong>Gestalt-th\u00e9rapie<\/strong> a d\u00e9montr\u00e9 une remarquable capacit\u00e9 d&#8217;adaptation aux \u00e9volutions des besoins psychologiques de notre soci\u00e9t\u00e9. Elle est particuli\u00e8rement valoris\u00e9e pour sa capacit\u00e9 \u00e0 aider les individus \u00e0 reconna\u00eetre et \u00e0 modifier les sch\u00e9mas de pens\u00e9e et de comportement qui entravent leur bien-\u00eatre, offrant ainsi un chemin vers la gu\u00e9rison et l\u2019\u00e9panouissement personnel.<\/p>\n<p style=\"text-align: justify;\">La <strong>Gestalt-th\u00e9rapie<\/strong> se distingue des autres approches par son attention particuli\u00e8re \u00e0 l&#8217;ici et maintenant, en mettant l&#8217;accent sur la prise de conscience des \u00e9motions, des sensations corporelles et des interactions avec l&#8217;environnement, permettant ainsi une transformation profonde et imm\u00e9diate.<\/p>\n<p style=\"text-align: justify;\">En se concentrant sur le <strong>\u00ab ici et maintenant \u00bb<\/strong>, la <strong>Gestalt-th\u00e9rapie<\/strong> ouvre des voies th\u00e9rapeutiques qui permettent non seulement de traiter des probl\u00e8mes imm\u00e9diats, mais aussi de cultiver une approche de vie plus consciente et responsabilis\u00e9e, essentielle pour une sant\u00e9 mentale durable.<\/p>\n<p style=\"text-align: center;\"><a class=\"\" href=\"..\/..\/rdv.html\"><button class=\"btn rdvbutton1\" type=\"button\">Prendre Rendez-Vous<\/button><\/a><\/p>\n<h2 id=\"fondements\"><strong>Les fondements de la Psychoth\u00e9rapie<\/strong><\/h2>\n<p style=\"text-align: justify;\">La <strong>psychoth\u00e9rapie<\/strong> repr\u00e9sente un domaine vaste et diversifi\u00e9, qui englobe une multitude d&#8217;approches con\u00e7ues pour aider les individus \u00e0 faire face \u00e0 leurs d\u00e9fis \u00e9motionnels et psychologiques. Parmi ces m\u00e9thodes, on trouve la psychanalyse ou les th\u00e9rapies d\u2019inspiration analytique, la th\u00e9rapie cognitivo-comportementale et les th\u00e9rapies br\u00e8ves, les th\u00e9rapies humaniste et existentialiste, dont fait partie la Gestalt-th\u00e9rapie, qui met un accent particulier sur la prise de conscience du moment pr\u00e9sent et l&#8217;int\u00e9gration des exp\u00e9riences v\u00e9cues.<\/p>\n<p style=\"text-align: justify;\">Ces pratiques th\u00e9rapeutiques, riches et vari\u00e9es, apportent des bienfaits substantiels. Elles contribuent non seulement \u00e0 la r\u00e9duction de l&#8217;<strong>anxi\u00e9t\u00e9<\/strong> et \u00e0 la r\u00e9gulation du <strong>stress<\/strong>, mais aussi \u00e0 l&#8217;am\u00e9lioration des <strong>relations interpersonnelles<\/strong> et \u00e0 la r\u00e9solution de conflits int\u00e9rieurs et soulagement de douleurs parfois profondes. En permettant aux individus de mieux comprendre leurs pens\u00e9es, \u00e9motions et comportements, la <strong>psychoth\u00e9rapie<\/strong> ouvre la voie \u00e0 des changements profonds et durables.<\/p>\n<p style=\"text-align: justify;\">Gr\u00e2ce \u00e0 une approche personnalis\u00e9e, adapt\u00e9e aux besoins sp\u00e9cifiques de chaque client, la <strong>psychoth\u00e9rapie<\/strong> aide \u00e0 construire les fondations n\u00e9cessaires pour une vie \u00e9quilibr\u00e9e et \u00e9panouie. En explorant les diff\u00e9rents courants de cette pratique, les individus peuvent trouver le chemin th\u00e9rapeutique qui r\u00e9sonne le mieux avec leurs aspirations personnelles et leurs d\u00e9fis uniques, ouvrant ainsi la porte \u00e0 une meilleure qualit\u00e9 de vie.<\/p>\n<p style=\"text-align: justify;\">La <strong>Gestalt-th\u00e9rapie<\/strong>, en particulier, joue un r\u00f4le crucial en incitant les clients \u00e0 devenir activement conscients de leurs processus internes et externes dans le pr\u00e9sent. Centr\u00e9e sur la relation th\u00e9rapeutique, cette approche place le client au c\u0153ur de la d\u00e9marche th\u00e9rapeutique. Elle facilite une exploration profonde des interactions entre les sentiments, les pens\u00e9es, et les actions, permettant aux clients de reconna\u00eetre et de modifier les comportements qui nuisent \u00e0 leur \u00e9quilibre personnel. Ainsi, la Gestalt-th\u00e9rapie promeut un bien-\u00eatre holistique, en aidant les individus \u00e0 atteindre une harmonie globale et une plus grande compr\u00e9hension de soi.<\/p>\n<p style=\"text-align: center;\"><a class=\"\" href=\"..\/..\/rdv.html\"><button class=\"btn rdvbutton1\" type=\"button\">Prendre Rendez-Vous<\/button><\/a><\/p>\n<h2 id=\"services\">Services offerts au Cabinet de Psychoth\u00e9rapie et Gestalt-th\u00e9rapie<\/h2>\n<p style=\"text-align: justify;\">Le cabinet est d\u00e9di\u00e9 \u00e0 offrir des s\u00e9ances de <strong>th\u00e9rapie<\/strong> individuelle, m\u00e9ticuleusement adapt\u00e9es aux besoins et objectifs personnels de chaque personne. Je m&#8217;engage \u00e0 \u00e9laborer un parcours th\u00e9rapeutique personnalis\u00e9 et supervis\u00e9, garantissant une progression claire et mesurable. Ce processus est sp\u00e9cifiquement con\u00e7u pour aider \u00e0 mieux r\u00e9guler les \u00e9motions, tout en favorisant le d\u00e9veloppement personnel et l&#8217;\u00e9panouissement. \u00c0 travers cette approche cibl\u00e9e, mon objectif est d&#8217;accompagner chaque individu vers une ma\u00eetrise de soi accrue et un bien-\u00eatre durable.<\/p>\n<p style=\"text-align: center;\"><a class=\"\" href=\"..\/..\/rdv.html\"><button class=\"btn rdvbutton1\" type=\"button\">Prendre Rendez-Vous<\/button><\/a><\/p>\n<h2 id=\"premiere-seance\">La premi\u00e8re s\u00e9ance et le processus th\u00e9rapeutique : \u00c0 quoi vous attendre<\/h2>\n<p style=\"text-align: justify;\">La premi\u00e8re consultation est cruciale pour \u00e9valuer vos besoins sp\u00e9cifiques et d\u00e9finir vos attentes. Plut\u00f4t que de suivre un plan rigide, nous \u00e9laborerons ensemble un cadre th\u00e9rapeutique qui s&#8217;adapte \u00e0 votre rythme et \u00e0 l&#8217;\u00e9volution de vos situations personnelles. En <strong>Gestalt-th\u00e9rapie<\/strong>, il est essentiel de reconna\u00eetre que chaque parcours est unique, et la progression d\u00e9pend largement des besoins et de la volont\u00e9 du client d&#8217;avancer \u00e0 son propre rythme.<\/p>\n<p style=\"text-align: justify;\">La premi\u00e8re s\u00e9ance est le moment de faire connaissance, d&#8217;explorer votre histoire et le motif de votre consultation. C&#8217;est aussi l&#8217;occasion de d\u00e9terminer si je suis le th\u00e9rapeute qui vous convient. Je vous invite toujours \u00e0 me faire part de vos ressentis, car je suis ici pour vous soutenir et promouvoir votre bien-\u00eatre. De mon c\u00f4t\u00e9, cela me permet \u00e9galement de v\u00e9rifier si mon approche r\u00e9pond ad\u00e9quatement \u00e0 vos besoins. Cette flexibilit\u00e9 assure que nous avan\u00e7ons ensemble de mani\u00e8re constructive et adapt\u00e9e, en visant toujours votre bien-\u00eatre et votre d\u00e9veloppement personnel.<\/p>\n<p style=\"text-align: center;\"><a class=\"\" href=\"..\/..\/rdv.html\"><button class=\"btn rdvbutton1\" type=\"button\">Prendre Rendez-Vous<\/button><\/a><\/p>\n<h2 id=\"tabous\">D\u00e9passer les tabous : la psychoth\u00e9rapie aujourd&#8217;hui<\/h2>\n<p style=\"text-align: justify;\">Je suis tr\u00e8s engag\u00e9 \u00e0 d\u00e9mystifier la <strong>psychoth\u00e9rapie<\/strong> et \u00e0 combattre les pr\u00e9jug\u00e9s souvent associ\u00e9s \u00e0 la recherche d&#8217;aide psychologique. Le cabinet met l&#8217;accent sur l&#8217;importance de rendre la <strong>th\u00e9rapie<\/strong> accessible \u00e0 tous. Pour cela, je propose des services en <em><strong>fran\u00e7ais<\/strong><\/em> et en <em><strong>portugais<\/strong><\/em>, permettant ainsi une meilleure communication et soulignant l&#8217;opportunit\u00e9 de prendre soin de soi dans un cadre adapt\u00e9 et respectueux. Prendre soin de soi est une d\u00e9marche essentielle pour le bien-\u00eatre personnel, et notre cabinet s&#8217;efforce de faciliter cette \u00e9tape en offrant un environnement th\u00e9rapeutique accueillant, bienveillant et sans jugement.<\/p>\n<h2 id=\"commencer\">Comment commencer votre parcours th\u00e9rapeutique?<\/h2>\n<p style=\"text-align: justify;\">Pour d\u00e9buter, je vous invite \u00e0 prendre contact avec moi pour fixer un premier rendez-vous, ou \u00e0 utiliser le calendrier disponible en ligne. Je propose des services de <strong>psychoth\u00e9rapie<\/strong> en <em><strong>fran\u00e7ais<\/strong><\/em> et en <em><strong>portugais<\/strong><\/em>, disponibles aussi bien en pr\u00e9sentiel dans mon cabinet qu\u2019en ligne, pour r\u00e9pondre \u00e0 vos besoins et pr\u00e9f\u00e9rences individuelles.<\/p>\n<h2 id=\"conclusion\">Conclusion<\/h2>\n<p style=\"text-align: justify;\">En r\u00e9sum\u00e9, le Cabinet de <strong>Psychoth\u00e9rapie<\/strong> et <strong>Gestalt-th\u00e9rapie<\/strong> \u00e0 Paris est d\u00e9di\u00e9 \u00e0 fournir un espace de gu\u00e9rison et de croissance personnelle. Je vous invite \u00e0 prendre contact avec moi pour explorer comment la <strong>psychoth\u00e9rapie<\/strong> et la <strong>Gestalt-th\u00e9rapie<\/strong> peuvent vous accompagner dans la r\u00e9solution de vos difficult\u00e9s personnelles et professionnelles. Le cabinet offre un cadre s\u00e9curisant et bienveillant, propice \u00e0 l\u2019\u00e9mergence de nouvelles perspectives et \u00e0 la transformation de votre exp\u00e9rience de vie. Ensemble, nous travaillerons \u00e0 renforcer votre capacit\u00e9 \u00e0 affronter les d\u00e9fis avec confiance et s\u00e9r\u00e9nit\u00e9.<\/p>\n<p style=\"text-align: justify;\"><strong>Psychoth\u00e9rapie<\/strong> en <em><strong>fran\u00e7ais<\/strong><\/em> et en <em><strong>portugais<\/strong><\/em> &#8211; Paris 13 &#8211; Paris 14<\/p>\n<p style=\"text-align: justify;\">Accessible par RER B &#8211; Cit\u00e9 Universitaire, Tram &#8211; Stade Charl\u00e9ty &#8211; Bus 21, 67. Entre Porte d&#8217;Orl\u00e9ans et Porte d&#8217;Italie. Acc\u00e8s facile pour les villes de Gentilly, Le Kremlin-Bic\u00eatre, Villejuif, Arcueil, Cachan, Montrouge, Ivry-sur-Seine, Malakoff, Vanves.<\/p>\n<p>\u00ab La Gestalt-th\u00e9rapie est une approche humaniste qui met l\u2019accent sur la conscience de l\u2019instant pr\u00e9sent, comme le d\u00e9crit l\u2019<a class=\"\" href=\"https:\/\/www.eagt.org\" target=\"_new\" rel=\"noopener\" data-start=\"601\" data-end=\"671\">EAGT, European Association for Gestalt Therapy<\/a>. \u00bb<\/p>\n<p>\u00ab Mon cabinet est \u00e9galement r\u00e9f\u00e9renc\u00e9 sur <a class=\"\" href=\"https:\/\/www.psychologue.net\/cabinets\/rui-alves-da-silva\" target=\"_new\" rel=\"noopener\" data-start=\"1433\" data-end=\"1479\">Psychologue.net<\/a> , <a class=\"\" href=\"https:\/\/www.pagesjaunes.fr\/pros\/63905007\" target=\"_new\" rel=\"noopener\" data-start=\"1433\" data-end=\"1479\">PagesJaunes.fr<\/a>. \u00bb<\/p>\n<h5 style=\"text-align: center;\"><strong><em>Une th\u00e9rapie est une ouverture vers un chemin de vie plus apais\u00e9.<\/em><\/strong><\/h5>\n<p>&nbsp;<\/p>\n<h2 style=\"text-align: center;\"><small>gestalt-th\u00e9rapie et psychoth\u00e9rapie en fran\u00e7ais et en portugais \u00e0 Paris ou en visio<\/small><\/h2>\n<p style=\"text-align: center;\"><a class=\"\" href=\"..\/..\/rdv.html\"><button class=\"btn rdvbutton1\" type=\"button\">Prendre Rendez-Vous<\/button><\/a><\/p>\n<p>&nbsp;<\/p>\n<p style=\"text-align: center;\"><strong>gestalt-th\u00e9rapie<\/strong> | rui alves da silva | <strong>psychoth\u00e9rapie<\/strong><br \/>\n&#8211; <a href=\"..\/..\/rdv.html\">prendre rendez-vous<\/a> &#8211;<\/p>\n","protected":false},"excerpt":{"rendered":"<p><span class=\"span-reading-time rt-reading-time\" style=\"display: block;\"><span class=\"rt-label rt-prefix\">Temps de lecture\u00a0: <\/span> <span class=\"rt-time\"> 5<\/span> <span class=\"rt-label rt-postfix\">minutes<\/span><\/span>Cabinet de Psychoth\u00e9rapie et Gestalt-th\u00e9rapie \u00e0 Paris &#8211; en fran\u00e7ais et portugais Qu&#8217;est-ce que la Gestalt-th\u00e9rapie ? Les fondements de la Psychoth\u00e9rapie Services offerts au Cabinet de Psychoth\u00e9rapie et Gestalt-th\u00e9rapie La premi\u00e8re s\u00e9ance et le processus th\u00e9rapeutique : \u00c0 quoi vous attendre D\u00e9passer les tabous : la psychoth\u00e9rapie aujourd&#8217;hui Comment commencer votre parcours th\u00e9rapeutique ? &hellip; <a href=\"https:\/\/ruialvesdasilva.com\/blog\/cabinet-de-psychotherapie-et-gestalt-therapie-a-paris-un-lieu-decoute-et-de-soutien-en-francais-ou-en-portugais\/\" class=\"more-link\">Continue reading<span class=\"screen-reader-text\"> &#8220;Cabinet de Psychoth\u00e9rapie et Gestalt-th\u00e9rapie \u00e0 Paris : Un lieu d\u2019\u00e9coute et de soutien, en fran\u00e7ais ou en portugais&#8221;<\/span><\/a><\/p>\n","protected":false},"author":2,"featured_media":0,"comment_status":"open","ping_status":"open","sticky":false,"template":"","format":"standard","meta":{"_jetpack_memberships_contains_paid_content":false,"footnotes":""},"categories":[1],"tags":[],"class_list":["post-172","post","type-post","status-publish","format-standard","hentry","category-non-classe"],"yoast_head":"<!-- This site is optimized with the Yoast SEO plugin v23.8 - https:\/\/yoast.com\/wordpress\/plugins\/seo\/ -->\n<title>Psychoth\u00e9rapie \u00e0 Paris en fran\u00e7ais ou en portugais - blog | gestalt-th\u00e9rapie | psychoth\u00e9rapie<\/title>\n<meta name=\"description\" content=\"D\u00e9couvrez un cabinet de Psychoth\u00e9rapie et Gestalt-th\u00e9rapie \u00e0 Paris, en fran\u00e7ais et en portugais \u2014 un espace d\u2019\u00e9coute, de soutien et de transformation.\" \/>\n<meta name=\"robots\" content=\"index, follow, max-snippet:-1, max-image-preview:large, max-video-preview:-1\" \/>\n<link rel=\"canonical\" href=\"https:\/\/ruialvesdasilva.com\/blog\/cabinet-de-psychotherapie-et-gestalt-therapie-a-paris-un-lieu-decoute-et-de-soutien-en-francais-ou-en-portugais\/\" \/>\n<meta property=\"og:locale\" content=\"en_US\" \/>\n<meta property=\"og:type\" content=\"article\" \/>\n<meta property=\"og:title\" content=\"Psychoth\u00e9rapie \u00e0 Paris en fran\u00e7ais ou en portugais - blog | gestalt-th\u00e9rapie | psychoth\u00e9rapie\" \/>\n<meta property=\"og:description\" content=\"D\u00e9couvrez un cabinet de Psychoth\u00e9rapie et Gestalt-th\u00e9rapie \u00e0 Paris, en fran\u00e7ais et en portugais \u2014 un espace d\u2019\u00e9coute, de soutien et de transformation.\" \/>\n<meta property=\"og:url\" content=\"https:\/\/ruialvesdasilva.com\/blog\/cabinet-de-psychotherapie-et-gestalt-therapie-a-paris-un-lieu-decoute-et-de-soutien-en-francais-ou-en-portugais\/\" \/>\n<meta property=\"og:site_name\" content=\"blog | gestalt-th\u00e9rapie | psychoth\u00e9rapie\" \/>\n<meta property=\"article:published_time\" content=\"2024-05-14T12:40:04+00:00\" \/>\n<meta property=\"article:modified_time\" content=\"2025-06-04T16:50:31+00:00\" \/>\n<meta name=\"author\" content=\"rui alves da silva\" \/>\n<meta name=\"twitter:card\" content=\"summary_large_image\" \/>\n<meta name=\"twitter:label1\" content=\"Written by\" \/>\n\t<meta name=\"twitter:data1\" content=\"rui alves da silva\" \/>\n\t<meta name=\"twitter:label2\" content=\"Est. reading time\" \/>\n\t<meta name=\"twitter:data2\" content=\"7 minutes\" \/>\n<script type=\"application\/ld+json\" class=\"yoast-schema-graph\">{\"@context\":\"https:\/\/schema.org\",\"@graph\":[{\"@type\":\"WebPage\",\"@id\":\"https:\/\/ruialvesdasilva.com\/blog\/cabinet-de-psychotherapie-et-gestalt-therapie-a-paris-un-lieu-decoute-et-de-soutien-en-francais-ou-en-portugais\/\",\"url\":\"https:\/\/ruialvesdasilva.com\/blog\/cabinet-de-psychotherapie-et-gestalt-therapie-a-paris-un-lieu-decoute-et-de-soutien-en-francais-ou-en-portugais\/\",\"name\":\"Psychoth\u00e9rapie \u00e0 Paris en fran\u00e7ais ou en portugais - blog | gestalt-th\u00e9rapie | psychoth\u00e9rapie\",\"isPartOf\":{\"@id\":\"https:\/\/ruialvesdasilva.com\/blog\/#website\"},\"datePublished\":\"2024-05-14T12:40:04+00:00\",\"dateModified\":\"2025-06-04T16:50:31+00:00\",\"author\":{\"@id\":\"https:\/\/ruialvesdasilva.com\/blog\/#\/schema\/person\/fb4690453749ca37a1e037767c4e820b\"},\"description\":\"D\u00e9couvrez un cabinet de Psychoth\u00e9rapie et Gestalt-th\u00e9rapie \u00e0 Paris, en fran\u00e7ais et en portugais \u2014 un espace d\u2019\u00e9coute, de soutien et de transformation.\",\"breadcrumb\":{\"@id\":\"https:\/\/ruialvesdasilva.com\/blog\/cabinet-de-psychotherapie-et-gestalt-therapie-a-paris-un-lieu-decoute-et-de-soutien-en-francais-ou-en-portugais\/#breadcrumb\"},\"inLanguage\":\"en-US\",\"potentialAction\":[{\"@type\":\"ReadAction\",\"target\":[\"https:\/\/ruialvesdasilva.com\/blog\/cabinet-de-psychotherapie-et-gestalt-therapie-a-paris-un-lieu-decoute-et-de-soutien-en-francais-ou-en-portugais\/\"]}]},{\"@type\":\"BreadcrumbList\",\"@id\":\"https:\/\/ruialvesdasilva.com\/blog\/cabinet-de-psychotherapie-et-gestalt-therapie-a-paris-un-lieu-decoute-et-de-soutien-en-francais-ou-en-portugais\/#breadcrumb\",\"itemListElement\":[{\"@type\":\"ListItem\",\"position\":1,\"name\":\"Accueil\",\"item\":\"https:\/\/ruialvesdasilva.com\/blog\/\"},{\"@type\":\"ListItem\",\"position\":2,\"name\":\"Cabinet de Psychoth\u00e9rapie et Gestalt-th\u00e9rapie \u00e0 Paris : Un lieu d\u2019\u00e9coute et de soutien, en fran\u00e7ais ou en portugais\"}]},{\"@type\":\"WebSite\",\"@id\":\"https:\/\/ruialvesdasilva.com\/blog\/#website\",\"url\":\"https:\/\/ruialvesdasilva.com\/blog\/\",\"name\":\"blog | gestalt-th\u00e9rapie | psychoth\u00e9rapie\",\"description\":\"\u00ab\u00a0L&#039;important n&#039;est pas ce qu&#039;on fait de nous mais ce que nous faisons nous-m\u00eame de ce qu&#039;on a fait de nous.\u00a0\u00bb Jean-Paul Sartre\",\"potentialAction\":[{\"@type\":\"SearchAction\",\"target\":{\"@type\":\"EntryPoint\",\"urlTemplate\":\"https:\/\/ruialvesdasilva.com\/blog\/?s={search_term_string}\"},\"query-input\":{\"@type\":\"PropertyValueSpecification\",\"valueRequired\":true,\"valueName\":\"search_term_string\"}}],\"inLanguage\":\"en-US\"},{\"@type\":\"Person\",\"@id\":\"https:\/\/ruialvesdasilva.com\/blog\/#\/schema\/person\/fb4690453749ca37a1e037767c4e820b\",\"name\":\"rui alves da silva\",\"image\":{\"@type\":\"ImageObject\",\"inLanguage\":\"en-US\",\"@id\":\"https:\/\/ruialvesdasilva.com\/blog\/#\/schema\/person\/image\/\",\"url\":\"https:\/\/secure.gravatar.com\/avatar\/d6bc6b421bd39de7a5d953ccd7f8c39cafa13f5cf3877eb87faf0d865c251a9b?s=96&d=mm&r=g\",\"contentUrl\":\"https:\/\/secure.gravatar.com\/avatar\/d6bc6b421bd39de7a5d953ccd7f8c39cafa13f5cf3877eb87faf0d865c251a9b?s=96&d=mm&r=g\",\"caption\":\"rui alves da silva\"},\"sameAs\":[\"http:\/\/ruialvesdasilva.com\"],\"url\":\"https:\/\/ruialvesdasilva.com\/blog\/author\/ruialvesdasilva\/\"}]}<\/script>\n<!-- \/ Yoast SEO plugin. -->","yoast_head_json":{"title":"Psychoth\u00e9rapie \u00e0 Paris en fran\u00e7ais ou en portugais - blog | gestalt-th\u00e9rapie | psychoth\u00e9rapie","description":"D\u00e9couvrez un cabinet de Psychoth\u00e9rapie et Gestalt-th\u00e9rapie \u00e0 Paris, en fran\u00e7ais et en portugais \u2014 un espace d\u2019\u00e9coute, de soutien et de transformation.","robots":{"index":"index","follow":"follow","max-snippet":"max-snippet:-1","max-image-preview":"max-image-preview:large","max-video-preview":"max-video-preview:-1"},"canonical":"https:\/\/ruialvesdasilva.com\/blog\/cabinet-de-psychotherapie-et-gestalt-therapie-a-paris-un-lieu-decoute-et-de-soutien-en-francais-ou-en-portugais\/","og_locale":"en_US","og_type":"article","og_title":"Psychoth\u00e9rapie \u00e0 Paris en fran\u00e7ais ou en portugais - blog | gestalt-th\u00e9rapie | psychoth\u00e9rapie","og_description":"D\u00e9couvrez un cabinet de Psychoth\u00e9rapie et Gestalt-th\u00e9rapie \u00e0 Paris, en fran\u00e7ais et en portugais \u2014 un espace d\u2019\u00e9coute, de soutien et de transformation.","og_url":"https:\/\/ruialvesdasilva.com\/blog\/cabinet-de-psychotherapie-et-gestalt-therapie-a-paris-un-lieu-decoute-et-de-soutien-en-francais-ou-en-portugais\/","og_site_name":"blog | gestalt-th\u00e9rapie | psychoth\u00e9rapie","article_published_time":"2024-05-14T12:40:04+00:00","article_modified_time":"2025-06-04T16:50:31+00:00","author":"rui alves da silva","twitter_card":"summary_large_image","twitter_misc":{"Written by":"rui alves da silva","Est. reading time":"7 minutes"},"schema":{"@context":"https:\/\/schema.org","@graph":[{"@type":"WebPage","@id":"https:\/\/ruialvesdasilva.com\/blog\/cabinet-de-psychotherapie-et-gestalt-therapie-a-paris-un-lieu-decoute-et-de-soutien-en-francais-ou-en-portugais\/","url":"https:\/\/ruialvesdasilva.com\/blog\/cabinet-de-psychotherapie-et-gestalt-therapie-a-paris-un-lieu-decoute-et-de-soutien-en-francais-ou-en-portugais\/","name":"Psychoth\u00e9rapie \u00e0 Paris en fran\u00e7ais ou en portugais - blog | gestalt-th\u00e9rapie | psychoth\u00e9rapie","isPartOf":{"@id":"https:\/\/ruialvesdasilva.com\/blog\/#website"},"datePublished":"2024-05-14T12:40:04+00:00","dateModified":"2025-06-04T16:50:31+00:00","author":{"@id":"https:\/\/ruialvesdasilva.com\/blog\/#\/schema\/person\/fb4690453749ca37a1e037767c4e820b"},"description":"D\u00e9couvrez un cabinet de Psychoth\u00e9rapie et Gestalt-th\u00e9rapie \u00e0 Paris, en fran\u00e7ais et en portugais \u2014 un espace d\u2019\u00e9coute, de soutien et de transformation.","breadcrumb":{"@id":"https:\/\/ruialvesdasilva.com\/blog\/cabinet-de-psychotherapie-et-gestalt-therapie-a-paris-un-lieu-decoute-et-de-soutien-en-francais-ou-en-portugais\/#breadcrumb"},"inLanguage":"en-US","potentialAction":[{"@type":"ReadAction","target":["https:\/\/ruialvesdasilva.com\/blog\/cabinet-de-psychotherapie-et-gestalt-therapie-a-paris-un-lieu-decoute-et-de-soutien-en-francais-ou-en-portugais\/"]}]},{"@type":"BreadcrumbList","@id":"https:\/\/ruialvesdasilva.com\/blog\/cabinet-de-psychotherapie-et-gestalt-therapie-a-paris-un-lieu-decoute-et-de-soutien-en-francais-ou-en-portugais\/#breadcrumb","itemListElement":[{"@type":"ListItem","position":1,"name":"Accueil","item":"https:\/\/ruialvesdasilva.com\/blog\/"},{"@type":"ListItem","position":2,"name":"Cabinet de Psychoth\u00e9rapie et Gestalt-th\u00e9rapie \u00e0 Paris : Un lieu d\u2019\u00e9coute et de soutien, en fran\u00e7ais ou en portugais"}]},{"@type":"WebSite","@id":"https:\/\/ruialvesdasilva.com\/blog\/#website","url":"https:\/\/ruialvesdasilva.com\/blog\/","name":"blog | gestalt-th\u00e9rapie | psychoth\u00e9rapie","description":"\u00ab\u00a0L&#039;important n&#039;est pas ce qu&#039;on fait de nous mais ce que nous faisons nous-m\u00eame de ce qu&#039;on a fait de nous.\u00a0\u00bb Jean-Paul Sartre","potentialAction":[{"@type":"SearchAction","target":{"@type":"EntryPoint","urlTemplate":"https:\/\/ruialvesdasilva.com\/blog\/?s={search_term_string}"},"query-input":{"@type":"PropertyValueSpecification","valueRequired":true,"valueName":"search_term_string"}}],"inLanguage":"en-US"},{"@type":"Person","@id":"https:\/\/ruialvesdasilva.com\/blog\/#\/schema\/person\/fb4690453749ca37a1e037767c4e820b","name":"rui alves da silva","image":{"@type":"ImageObject","inLanguage":"en-US","@id":"https:\/\/ruialvesdasilva.com\/blog\/#\/schema\/person\/image\/","url":"https:\/\/secure.gravatar.com\/avatar\/d6bc6b421bd39de7a5d953ccd7f8c39cafa13f5cf3877eb87faf0d865c251a9b?s=96&d=mm&r=g","contentUrl":"https:\/\/secure.gravatar.com\/avatar\/d6bc6b421bd39de7a5d953ccd7f8c39cafa13f5cf3877eb87faf0d865c251a9b?s=96&d=mm&r=g","caption":"rui alves da silva"},"sameAs":["http:\/\/ruialvesdasilva.com"],"url":"https:\/\/ruialvesdasilva.com\/blog\/author\/ruialvesdasilva\/"}]}},"jetpack_sharing_enabled":true,"jetpack_featured_media_url":"","_links":{"self":[{"href":"https:\/\/ruialvesdasilva.com\/blog\/wp-json\/wp\/v2\/posts\/172","targetHints":{"allow":["GET"]}}],"collection":[{"href":"https:\/\/ruialvesdasilva.com\/blog\/wp-json\/wp\/v2\/posts"}],"about":[{"href":"https:\/\/ruialvesdasilva.com\/blog\/wp-json\/wp\/v2\/types\/post"}],"author":[{"embeddable":true,"href":"https:\/\/ruialvesdasilva.com\/blog\/wp-json\/wp\/v2\/users\/2"}],"replies":[{"embeddable":true,"href":"https:\/\/ruialvesdasilva.com\/blog\/wp-json\/wp\/v2\/comments?post=172"}],"version-history":[{"count":26,"href":"https:\/\/ruialvesdasilva.com\/blog\/wp-json\/wp\/v2\/posts\/172\/revisions"}],"predecessor-version":[{"id":266,"href":"https:\/\/ruialvesdasilva.com\/blog\/wp-json\/wp\/v2\/posts\/172\/revisions\/266"}],"wp:attachment":[{"href":"https:\/\/ruialvesdasilva.com\/blog\/wp-json\/wp\/v2\/media?parent=172"}],"wp:term":[{"taxonomy":"category","embeddable":true,"href":"https:\/\/ruialvesdasilva.com\/blog\/wp-json\/wp\/v2\/categories?post=172"},{"taxonomy":"post_tag","embeddable":true,"href":"https:\/\/ruialvesdasilva.com\/blog\/wp-json\/wp\/v2\/tags?post=172"}],"curies":[{"name":"wp","href":"https:\/\/api.w.org\/{rel}","templated":true}]}}